{"id":11010,"date":"2026-04-28T10:00:09","date_gmt":"2026-04-28T08:00:09","guid":{"rendered":"https:\/\/www.energiepark.at\/vrbove-tipi-pre-skolske-zahrady-klar-na-lodi-leithaberge\/"},"modified":"2026-04-28T10:01:11","modified_gmt":"2026-04-28T08:01:11","slug":"vrbove-tipi-pre-skolske-zahrady-klar-na-lodi-leithaberge","status":"publish","type":"post","link":"https:\/\/www.energiepark.at\/sk\/vrbove-tipi-pre-skolske-zahrady-klar-na-lodi-leithaberge\/","title":{"rendered":"V\u0155bov\u00e9 t\u00edp\u00ed pre \u0161kolsk\u00e9 z\u00e1hrady KLAR! Na lodi Leithaberge"},"content":{"rendered":"<section class=\"wpb-content-wrapper\"><p>[vc_row][vc_column][\/vc_column][\/vc_row][vc_row][vc_column][vc_column_text]<\/p>\n<section class=\"text-token-text-primary w-full focus:outline-none [--shadow-height:45px] has-data-writing-block:pointer-events-none has-data-writing-block:-mt-(--shadow-height) has-data-writing-block:pt-(--shadow-height) [&amp;:has([data-writing-block])&gt;*]:pointer-events-auto R6Vx5W_threadScrollVars scroll-mb-[calc(var(--scroll-root-safe-area-inset-bottom,0px)+var(--thread-response-height))] scroll-mt-(--header-height)\" dir=\"auto\" data-turn-id=\"20137b24-501b-4bf7-8dab-6666315dbe46\" data-testid=\"conversation-turn-1\" data-scroll-anchor=\"false\" data-turn=\"user\"><\/section>\n<section class=\"text-token-text-primary w-full focus:outline-none [--shadow-height:45px] has-data-writing-block:pointer-events-none has-data-writing-block:-mt-(--shadow-height) has-data-writing-block:pt-(--shadow-height) [&amp;:has([data-writing-block])&gt;*]:pointer-events-auto [content-visibility:auto] supports-[content-visibility:auto]:[contain-intrinsic-size:auto_100lvh] R6Vx5W_threadScrollVars scroll-mb-[calc(var(--scroll-root-safe-area-inset-bottom,0px)+var(--thread-response-height))] scroll-mt-[calc(var(--header-height)+min(200px,max(70px,20svh)))]\" dir=\"auto\" data-turn-id=\"request-WEB:ee8068d7-7c68-496d-a8a8-423197287cf2-0\" data-testid=\"conversation-turn-2\" data-scroll-anchor=\"false\" data-turn=\"assistant\">\n<div class=\"text-base my-auto mx-auto pb-10 [--thread-content-margin:var(--thread-content-margin-xs,calc(var(--spacing)*4))] @w-sm\/main:[--thread-content-margin:var(--thread-content-margin-sm,calc(var(--spacing)*6))] @w-lg\/main:[--thread-content-margin:var(--thread-content-margin-lg,calc(var(--spacing)*16))] px-(--thread-content-margin)\">\n<div class=\"[--thread-content-max-width:40rem] @w-lg\/main:[--thread-content-max-width:48rem] mx-auto max-w-(--thread-content-max-width) flex-1 group\/turn-messages focus-visible:outline-hidden relative flex w-full min-w-0 flex-col agent-turn\">\n<div class=\"flex max-w-full flex-col gap-4 grow\">\n<div class=\"min-h-8 text-message relative flex w-full flex-col items-end gap-2 text-start break-words whitespace-normal outline-none keyboard-focused:focus-ring [.text-message+&amp;]:mt-1\" dir=\"auto\" tabindex=\"0\" data-message-author-role=\"assistant\" data-message-id=\"be1d35ef-8809-4e9b-a586-04dcbf7942e1\" data-message-model-slug=\"gpt-5-3\" data-turn-start-message=\"true\">\n<div class=\"flex w-full flex-col gap-1 empty:hidden\">\n<div class=\"markdown prose dark:prose-invert w-full wrap-break-word light markdown-new-styling\">\n<p data-start=\"0\" data-end=\"61\"><strong data-start=\"0\" data-end=\"61\">V\u0155bov\u00e9 t\u00edp\u00ed pre \u0161kolsk\u00e9 z\u00e1hrady KLAR! Na lodi Leithaberge<\/strong><\/p>\n<p data-start=\"63\" data-end=\"393\">V \u0161kolsk\u00fdch z\u00e1hrad\u00e1ch KLAR! Am Leithaberge sa v \u0161kolsk\u00fdch z\u00e1hrad\u00e1ch realizuje \u0161peci\u00e1lna my\u0161lienka: V\u0155bov\u00e9 t\u00edp\u00ed s\u00fa \u017eiv\u00e9 stavby z v\u0155bov\u00fdch pr\u00fatov, ktor\u00e9 s\u00fa nielen vizu\u00e1lne atrakt\u00edvne, ale pon\u00fakaj\u00fa aj \u0161irok\u00e9 mo\u017enosti. Poz\u00fdvaj\u00fa deti na hru, schov\u00e1vanie a zdr\u017eiavanie sa a poskytuj\u00fa tie\u0148 po\u010das hor\u00facich letn\u00fdch dn\u00ed.  <\/p>\n<p data-start=\"395\" data-end=\"793\">Zvl\u00e1\u0161tnos\u0165ou v\u0155bov\u00fdch t\u00edp\u00ed je, \u017ee sa stavaj\u00fa spolo\u010dne. T\u00e1to my\u0161lienka bola aj v centre realiz\u00e1cie: na stavbe t\u00edp\u00ed spolupracovali zamestnanci obecn\u00e9ho stavebn\u00e9ho dvora, odhodlan\u00ed \u017eiaci a u\u010ditelia. Podporili ich ved\u00faca projektu KLAR! Julia J\u00fcly a Sandra Karanitsch-Ackerl z region\u00e1lneho rozvojov\u00e9ho zdru\u017eenia R\u00f6merland Carnuntum.<\/p>\n<p data-start=\"795\" data-end=\"1147\">Prv\u00e9 v\u0155bov\u00e9 t\u00edp\u00ed boli vysaden\u00e9 v z\u00e1hrad\u00e1ch z\u00e1kladnej \u0161koly, materskej \u0161koly a centra mimo\u0161kolskej starostlivosti v Trautmannsdorfe a z\u00e1kladnej \u0161koly v G\u00f6tzendorfe v polovici marca. Do v\u00fdsadby sa s nad\u0161en\u00edm zapojilo mno\u017estvo mal\u00fdch i ve\u013ek\u00fdch pomocn\u00edkov, ktor\u00ed sa postarali o v\u00fdnimo\u010dn\u00fd z\u00e1\u017eitok pre v\u0161etk\u00fdch z\u00fa\u010dastnen\u00fdch. <\/p>\n<p data-start=\"1149\" data-end=\"1418\" data-is-last-node=\"\" data-is-only-node=\"\">Za\u010diatkom apr\u00edla boli postaven\u00e9 a vysaden\u00e9 \u010fal\u0161ie v\u0155bov\u00e9 t\u00edp\u00ed v z\u00e1kladnej \u0161kole v Mannersdorfe a v z\u00e1kladnej \u0161kole v Au. Teraz je mo\u017en\u00e9 pozorova\u0165, ako t\u00edp\u00ed rast\u00fa a rozkvitaj\u00fa. Do jesene by mali by\u0165 skuto\u010dne stabiln\u00e9 a pripraven\u00e9 na zviazanie. \u017diaci sa te\u0161ia, \u017ee bud\u00fa m\u00f4c\u0165 pozorova\u0165 zmeny a \u010doskoro bud\u00fa ma\u0165 nov\u00e9 skvel\u00e9 miesto na tr\u00e1venie \u010dasu.   <\/p>\n<\/div>\n<\/div>\n<\/div>\n<\/div>\n<\/div>\n<\/div>\n<\/section>\n<p>[\/vc_column_text][vc_empty_space][vc_gallery interval=&#8220;3&#8243; images=&#8220;10977,10980,10983,10986,10989,10992,10995,10998,11001,11007,11004&#8243; img_size=&#8220;full&#8220;][\/vc_column][\/vc_row]<\/p>\n<\/section>","protected":false},"excerpt":{"rendered":"<p>[vc_row][vc_column][\/vc_column][\/vc_row][vc_row][vc_column][vc_column_text] V\u0155bov\u00e9 t\u00edp\u00ed pre \u0161kolsk\u00e9 z\u00e1hrady KLAR! Na lodi Leithaberge V \u0161kolsk\u00fdch z\u00e1hrad\u00e1ch KLAR! Am&#8230;<\/p>\n","protected":false},"author":6,"featured_media":10983,"comment_status":"closed","ping_status":"closed","sticky":false,"template":"","format":"standard","meta":{"_acf_changed":false,"inline_featured_image":false,"footnotes":""},"categories":[53],"tags":[],"class_list":["post-11010","post","type-post","status-publish","format-standard","has-post-thumbnail","hentry","category-clear-na-lodi-leithaberge"],"acf":[],"_links":{"self":[{"href":"https:\/\/www.energiepark.at\/sk\/wp-json\/wp\/v2\/posts\/11010","targetHints":{"allow":["GET"]}}],"collection":[{"href":"https:\/\/www.energiepark.at\/sk\/wp-json\/wp\/v2\/posts"}],"about":[{"href":"https:\/\/www.energiepark.at\/sk\/wp-json\/wp\/v2\/types\/post"}],"author":[{"embeddable":true,"href":"https:\/\/www.energiepark.at\/sk\/wp-json\/wp\/v2\/users\/6"}],"replies":[{"embeddable":true,"href":"https:\/\/www.energiepark.at\/sk\/wp-json\/wp\/v2\/comments?post=11010"}],"version-history":[{"count":3,"href":"https:\/\/www.energiepark.at\/sk\/wp-json\/wp\/v2\/posts\/11010\/revisions"}],"predecessor-version":[{"id":11013,"href":"https:\/\/www.energiepark.at\/sk\/wp-json\/wp\/v2\/posts\/11010\/revisions\/11013"}],"wp:featuredmedia":[{"embeddable":true,"href":"https:\/\/www.energiepark.at\/sk\/wp-json\/wp\/v2\/media\/10983"}],"wp:attachment":[{"href":"https:\/\/www.energiepark.at\/sk\/wp-json\/wp\/v2\/media?parent=11010"}],"wp:term":[{"taxonomy":"category","embeddable":true,"href":"https:\/\/www.energiepark.at\/sk\/wp-json\/wp\/v2\/categories?post=11010"},{"taxonomy":"post_tag","embeddable":true,"href":"https:\/\/www.energiepark.at\/sk\/wp-json\/wp\/v2\/tags?post=11010"}],"curies":[{"name":"wp","href":"https:\/\/api.w.org\/{rel}","templated":true}]}}