{"id":1719,"date":"2023-08-08T04:57:48","date_gmt":"2023-08-08T04:57:48","guid":{"rendered":"https:\/\/www.energiepark.at\/prestahovali-sme-sa\/"},"modified":"2023-10-24T14:36:08","modified_gmt":"2023-10-24T14:36:08","slug":"prestahovali-sme-sa","status":"publish","type":"post","link":"https:\/\/www.energiepark.at\/sk\/prestahovali-sme-sa\/","title":{"rendered":"Pres\u0165ahovali sme sa!"},"content":{"rendered":"<section class=\"wpb-content-wrapper\"><p>[vc_row][vc_column][vc_column_text]<\/p>\n<p><span style=\"font-size: 32px;\"><\/p>\n&#13;\n<p><strong><span style=\"font-size: 32px;\">Na\u0161a nov\u00e1 kancel\u00e1ria na Fischamender Stra\u00dfe 12 a v Brucku\/Leitha pon\u00faka modern\u00e9 a svetl\u00e9 pracovn\u00e9 miesta pre na\u0161ich zamestnancov.<\/span><\/strong><\/p>&#13;\n<p>Osobitn\u00e1 pozornos\u0165 bola venovan\u00e1 kompenz\u00e1cii plochy uzavretej stavbou zelenou terasou a stre\u0161nou plochou &#8211; l\u00faka bola takpovediac vyzdvihnut\u00e1 na strechu. V novej kancel\u00e1rskej budove sa v\u0161ak db\u00e1 aj na \u010do najvy\u0161\u0161iu hospod\u00e1rnos\u0165 a hospod\u00e1rne a \u00fasporn\u00e9 vyu\u017e\u00edvanie v\u0161etk\u00fdch materi\u00e1lov &#8211; v s\u00falade s filozofiou spolo\u010dnosti.<\/p>&#13;\n<p>Budova je vykurovan\u00e1 geoterm\u00e1lnymi tepeln\u00fdmi \u010derpadlami a riaden\u00e9 vetranie zabezpe\u010duje optim\u00e1lnu kl\u00edmu a \u00fasporn\u00fa spotrebu energie po\u010das cel\u00e9ho roka.<\/p>&#13;\n<blockquote>&#13;\n<p>&#8222;Cie\u013eom je dosiahnu\u0165 \u010do najvy\u0161\u0161iu energetick\u00fa sebesta\u010dnos\u0165. Napr\u00edklad elektronick\u00e9 nab\u00edjacie stanice pre firemn\u00fd vozov\u00fd park s\u00fa nap\u00e1jan\u00e9 z fotovoltaick\u00e9ho syst\u00e9mu na streche.&#8220;<\/p>&#13;\n<\/blockquote>&#13;\n<p><span style=\"font-size: 32px;\"><\/span><\/p><p><\/span><\/p>\n<p>[\/vc_column_text][\/vc_column][\/vc_row]<\/p>\n<\/section>","protected":false},"excerpt":{"rendered":"<p>[vc_row][vc_column][vc_column_text] &#13; Na\u0161a nov\u00e1 kancel\u00e1ria na Fischamender Stra\u00dfe 12 a v Brucku\/Leitha pon\u00faka modern\u00e9 a&#8230;<\/p>\n","protected":false},"author":1,"featured_media":1721,"comment_status":"closed","ping_status":"open","sticky":false,"template":"","format":"standard","meta":{"_acf_changed":false,"inline_featured_image":false,"footnotes":""},"categories":[24],"tags":[],"class_list":["post-1719","post","type-post","status-publish","format-standard","has-post-thumbnail","hentry","category-novinky"],"acf":[],"_links":{"self":[{"href":"https:\/\/www.energiepark.at\/sk\/wp-json\/wp\/v2\/posts\/1719","targetHints":{"allow":["GET"]}}],"collection":[{"href":"https:\/\/www.energiepark.at\/sk\/wp-json\/wp\/v2\/posts"}],"about":[{"href":"https:\/\/www.energiepark.at\/sk\/wp-json\/wp\/v2\/types\/post"}],"author":[{"embeddable":true,"href":"https:\/\/www.energiepark.at\/sk\/wp-json\/wp\/v2\/users\/1"}],"replies":[{"embeddable":true,"href":"https:\/\/www.energiepark.at\/sk\/wp-json\/wp\/v2\/comments?post=1719"}],"version-history":[{"count":1,"href":"https:\/\/www.energiepark.at\/sk\/wp-json\/wp\/v2\/posts\/1719\/revisions"}],"predecessor-version":[{"id":1722,"href":"https:\/\/www.energiepark.at\/sk\/wp-json\/wp\/v2\/posts\/1719\/revisions\/1722"}],"wp:featuredmedia":[{"embeddable":true,"href":"https:\/\/www.energiepark.at\/sk\/wp-json\/wp\/v2\/media\/1721"}],"wp:attachment":[{"href":"https:\/\/www.energiepark.at\/sk\/wp-json\/wp\/v2\/media?parent=1719"}],"wp:term":[{"taxonomy":"category","embeddable":true,"href":"https:\/\/www.energiepark.at\/sk\/wp-json\/wp\/v2\/categories?post=1719"},{"taxonomy":"post_tag","embeddable":true,"href":"https:\/\/www.energiepark.at\/sk\/wp-json\/wp\/v2\/tags?post=1719"}],"curies":[{"name":"wp","href":"https:\/\/api.w.org\/{rel}","templated":true}]}}