{"id":2100,"date":"2023-12-06T08:57:04","date_gmt":"2023-12-06T08:57:04","guid":{"rendered":"https:\/\/www.energiepark.at\/sprava-o-biodiverzite-v-sonnenfelde\/"},"modified":"2023-12-06T08:57:24","modified_gmt":"2023-12-06T08:57:24","slug":"sprava-o-biodiverzite-v-sonnenfelde","status":"publish","type":"post","link":"https:\/\/www.energiepark.at\/sk\/sprava-o-biodiverzite-v-sonnenfelde\/","title":{"rendered":"Spr\u00e1va o biodiverzite v Sonnenfelde"},"content":{"rendered":"<section class=\"wpb-content-wrapper\"><p>[vc_row][vc_column][vc_column_text]Bola dokon\u010den\u00e1 a uverejnen\u00e1 botanick\u00e1 spr\u00e1va &#8222;Monitoring kvitn\u00facich rastl\u00edn na kvitn\u00facich p\u00e1soch v po\u013enohospod\u00e1rskom podniku EWS Sonnenfeld v Brucku\/Leitha&#8220;.<\/p>\n<p>Sol\u00e1rne pole v Brucku\/Leithe, ktor\u00e9 je nap\u00e1jan\u00e9 z Fondu pre kl\u00edmu a energiu, nielen\u017ee dod\u00e1va sol\u00e1rnu energiu a cenn\u00e9 potraviny, ale sl\u00fa\u017ei aj ako v\u00fdskumn\u00e1 oblas\u0165. Okrem v\u00fdskumn\u00fdch z\u00f3n na BOKU Viede\u0148 sa tento rok zamerali najm\u00e4 na rozvoj p\u00e1siem biodiverzity v r\u00e1mci modulov. Vysievali sa tu r\u00f4zne zmesi os\u00edv a pozoroval sa aj &#8222;nulov\u00fd variant&#8220; bez v\u00fdsevu. Cie\u013eom botanick\u00e9ho monitoringu v obdob\u00ed od apr\u00edla do okt\u00f3bra 2023 bol zoznam n\u00e1jden\u00fdch druhov paprad\u00ed a kvitn\u00facich rastl\u00edn a vyvodenie z\u00e1verov o diverzite a druhovej bohatosti hmyzu. V s\u00fahrne mo\u017eno poveda\u0165, \u017ee: Biodiverzita sa zvy\u0161uje v\u010faka kvetinov\u00fdm p\u00e1som, v\u00e4\u010d\u0161ia rozmanitos\u0165 rastl\u00edn znamen\u00e1 viac hmyzu. \u00da\u010dinky na biodiverzitu bud\u00fa e\u0161te silnej\u0161ie a v nasleduj\u00facich rokoch bud\u00fa zasiate p\u00e1sy kvetov e\u0161te druhovo bohat\u0161ie. To potvrdzuje viacn\u00e1sobn\u00fd pr\u00ednos sol\u00e1rneho po\u013ea: sol\u00e1rna energia, cenn\u00e9 potraviny a zv\u00fd\u0161en\u00e1 druhov\u00e1 rozmanitos\u0165 a biodiverzita!<\/p>\n<p>Cel\u00fa spr\u00e1vu si m\u00f4\u017eete pre\u010d\u00edta\u0165 tu: <a href=\"https:\/\/www.energiepark.at\/wp-content\/uploads\/2023\/12\/Biodiversitaet_Sonnenfeld_Endbericht_2023_VINCA.pdf\">Biodiverzita_Sunfield_Final_Report_2023_VINCA<\/a><\/p>\n<p>[\/vc_column_text][\/vc_column][\/vc_row][vc_row][vc_column][vc_empty_space][\/vc_column][\/vc_row][vc_row][vc_column][vc_media_grid element_width=&#8220;3&#8243; grid_id=&#8220;vc_gid:1701851280457-08c0c3a8-07d9-8&#8243; include=&#8220;2072,2075,2078,2090&#8243;][\/vc_column][\/vc_row]<\/p>\n<\/section>","protected":false},"excerpt":{"rendered":"<p>[vc_row][vc_column][vc_column_text]Bola dokon\u010den\u00e1 a uverejnen\u00e1 botanick\u00e1 spr\u00e1va &#8222;Monitoring kvitn\u00facich rastl\u00edn na kvitn\u00facich p\u00e1soch v po\u013enohospod\u00e1rskom podniku&#8230;<\/p>\n","protected":false},"author":4,"featured_media":2074,"comment_status":"closed","ping_status":"closed","sticky":false,"template":"","format":"standard","meta":{"_acf_changed":false,"inline_featured_image":false,"footnotes":""},"categories":[24,25],"tags":[],"class_list":["post-2100","post","type-post","status-publish","format-standard","has-post-thumbnail","hentry","category-novinky","category-solarna-energia"],"acf":[],"_links":{"self":[{"href":"https:\/\/www.energiepark.at\/sk\/wp-json\/wp\/v2\/posts\/2100","targetHints":{"allow":["GET"]}}],"collection":[{"href":"https:\/\/www.energiepark.at\/sk\/wp-json\/wp\/v2\/posts"}],"about":[{"href":"https:\/\/www.energiepark.at\/sk\/wp-json\/wp\/v2\/types\/post"}],"author":[{"embeddable":true,"href":"https:\/\/www.energiepark.at\/sk\/wp-json\/wp\/v2\/users\/4"}],"replies":[{"embeddable":true,"href":"https:\/\/www.energiepark.at\/sk\/wp-json\/wp\/v2\/comments?post=2100"}],"version-history":[{"count":4,"href":"https:\/\/www.energiepark.at\/sk\/wp-json\/wp\/v2\/posts\/2100\/revisions"}],"predecessor-version":[{"id":2106,"href":"https:\/\/www.energiepark.at\/sk\/wp-json\/wp\/v2\/posts\/2100\/revisions\/2106"}],"wp:featuredmedia":[{"embeddable":true,"href":"https:\/\/www.energiepark.at\/sk\/wp-json\/wp\/v2\/media\/2074"}],"wp:attachment":[{"href":"https:\/\/www.energiepark.at\/sk\/wp-json\/wp\/v2\/media?parent=2100"}],"wp:term":[{"taxonomy":"category","embeddable":true,"href":"https:\/\/www.energiepark.at\/sk\/wp-json\/wp\/v2\/categories?post=2100"},{"taxonomy":"post_tag","embeddable":true,"href":"https:\/\/www.energiepark.at\/sk\/wp-json\/wp\/v2\/tags?post=2100"}],"curies":[{"name":"wp","href":"https:\/\/api.w.org\/{rel}","templated":true}]}}