{"id":3213,"date":"2023-12-27T16:01:11","date_gmt":"2023-12-27T16:01:11","guid":{"rendered":"https:\/\/www.energiepark.at\/energeticke-komunity-v-obciach-analyza-potencialu-kem-carnuntum\/"},"modified":"2024-01-08T05:54:13","modified_gmt":"2024-01-08T05:54:13","slug":"energeticke-komunity-v-obciach-analyza-potencialu-kem-carnuntum","status":"publish","type":"post","link":"https:\/\/www.energiepark.at\/sk\/energeticke-komunity-v-obciach-analyza-potencialu-kem-carnuntum\/","title":{"rendered":"Energetick\u00e9 komunity v obciach &#8211; anal\u00fdza potenci\u00e1lu KEM-Carnuntum"},"content":{"rendered":"<section class=\"wpb-content-wrapper\"><p>[vc_row][vc_column][vc_column_text]Jednou z prior\u00edt KEM-Carnuntum je iniciova\u0165 t\u00e9mu energetick\u00fdch komun\u00edt v regi\u00f3ne a podporova\u0165 z\u00e1ujemcov na ceste k ich zalo\u017eeniu. Hlavn\u00fa \u00falohu v tomto kontexte prirodzene zohr\u00e1vaj\u00fa aj tri obce KEM, ktor\u00e9 maj\u00fa ve\u013ek\u00fd z\u00e1ujem o rozvoj obnovite\u013en\u00fdch zdrojov energie a uvedomuj\u00fa si, \u017ee energetick\u00e9 komunity tu m\u00f4\u017eu zohr\u00e1va\u0165 d\u00f4le\u017eit\u00fa \u00falohu.<br \/>\nS cie\u013eom z\u00edska\u0165 hlb\u0161\u00ed preh\u013ead o jednotliv\u00fdch mo\u017enostiach t\u00fdchto troch obc\u00ed vykonal mana\u017e\u00e9r modelov\u00e9ho regi\u00f3nu KEM-Carnuntum Philip Loitsch simul\u00e1ciu pre spolo\u010denstvo vyu\u017e\u00edvaj\u00face obnovite\u013en\u00e9 zdroje energie v t\u00fdchto troch obciach.<br \/>\nZamerali sme sa tu na zistenie aktu\u00e1lneho stavu obecn\u00fdch budov a porovnanie v\u00fdslednej spotreby elektrickej energie s hodnotami v\u00fdroby vlastn\u00fdch fotovoltaick\u00fdch syst\u00e9mov obce. Pomocou stanoven\u00fdch profilov za\u0165a\u017eenia a simula\u010dn\u00e9ho softv\u00e9ru BIFROST bolo mo\u017en\u00e9 vizualizova\u0165 s\u00fa\u010dasn\u00e9 mo\u017enosti energetick\u00fdch spolo\u010denstiev. K\u013e\u00fa\u010dov\u00fdm faktorom bol takzvan\u00fd &#8222;stupe\u0148 sebesta\u010dnosti&#8220; energetick\u00fdch spolo\u010denstiev, ktor\u00fd opisuje, ko\u013eko si energetick\u00e9 spolo\u010denstvo dok\u00e1\u017ee celkovo zabezpe\u010di\u0165 vlastnou v\u00fdrobou elektriny.[\/vc_column_text][\/vc_column][\/vc_row][vc_row][vc_column]\n<div id=\"ld_showcase_69f19e702a53b\" class=\"lqd-showcase d-flex flex-column text-center ld_showcase_69f19e702a53b\">\n\n\t<button\n\tclass=\"lqd-showcase-video-trigger liquid-overlay-link\"\n\tdata-video-trigger=\"true\"\n\tdata-trigger-options='{ \"videoPlacement\": \"parent\" }'>\n\t\tPlay\t<\/button>\n\t\n\t<h2 class=\"mt-0\">Simul\u00e1cia energetick\u00e9ho spolo\u010denstva Hundsheim<\/h2>\n\t<div class=\"lqd-showcase-video mb-5\">\n\t\t<video width=\"100%\" height=\"100%\" loop><source src=\"https:\/\/www.energiepark.at\/wp-content\/uploads\/2023\/12\/EEG-Schnellsimulation-1.mp4\" type=\"video\/mp4\"><\/video>\t<\/div><!-- \/.lqd-showcase-video -->\n\n\t\n<\/div><!-- \/.lqd-showcase -->[vc_empty_space][\/vc_column][\/vc_row][vc_row][vc_column][vc_column_text]Video zobrazuje koridory za\u0165a\u017eenia a v\u00fdroby jednotliv\u00fdch budov, ako aj fikt\u00edvnu trafostanicu. Na ur\u010denie percenta sebesta\u010dnosti energetick\u00e9ho spolo\u010denstva sa pou\u017e\u00edva faktor vyu\u017eitia. Je zrejm\u00e9, \u017ee s n\u00e1stupom slne\u010dn\u00e9ho \u017eiarenia mo\u017eno postupne pokry\u0165 spotrebu elektrickej energie v r\u00e1mci energetick\u00e9ho spolo\u010denstva v\u00fdrobou z fotovoltaick\u00fdch \u010dl\u00e1nkov a \u017ee v polud\u0148aj\u0161\u00edch hodin\u00e1ch mo\u017eno pokry\u0165 100 % spotreby elektrickej energie vo verejn\u00fdch budov\u00e1ch.<\/p>\n<p>Na konci je zn\u00e1zornen\u00fd aj profil za\u0165a\u017eenia materskej \u0161koly, ktorej prebyto\u010dn\u00fa elektrinu (vyzna\u010den\u00fa oran\u017eovou farbou) m\u00f4\u017ee energetick\u00e9 spolo\u010denstvo vyu\u017ei\u0165 vo v\u0161etk\u00fdch verejn\u00fdch budov\u00e1ch.[\/vc_column_text][\/vc_column][\/vc_row][vc_row][vc_column][vc_single_image image=&#8220;2983&#8243; img_size=&#8220;large&#8220; title=&#8220;\u0160trukt\u00fara simul\u00e1cie&#8220;][\/vc_column][\/vc_row][vc_row][vc_column][vc_column_text]Z\u00e1verom mo\u017eno kon\u0161tatova\u0165, \u017ee vo v\u0161etk\u00fdch troch obciach, napriek ve\u013emi rozdielnej \u0161trukt\u00fare v\u00fdroby a spotreby v obecn\u00fdch budov\u00e1ch, existuj\u00fa obdobia, ke\u010f sa vo fotovoltaick\u00fdch syst\u00e9moch vyr\u00e1ba prebyto\u010dn\u00e1 elektrick\u00e1 energia, ktor\u00fa mo\u017eno rozumne vyu\u017ei\u0165 v energetickom spolo\u010denstve. Vzh\u013eadom na siln\u00fa sez\u00f3nnu z\u00e1vislos\u0165 v\u00fdroby elektrickej energie z fotovoltaick\u00fdch syst\u00e9mov je stupe\u0148 sebesta\u010dnosti energetick\u00fdch spolo\u010denstiev v zime v\u00fdrazne ni\u017e\u0161\u00ed ako v lete. Pr\u00edklad obce Scharndorf ukazuje, \u017ee aj v zime a napriek vysok\u00fdm odberom elektrickej energie (tepeln\u00e9 \u010derpadl\u00e1) sa v\u010faka siln\u00e9mu roz\u0161\u00edreniu fotovoltaiky vyr\u00e1ba prebyto\u010dn\u00e1 elektrick\u00e1 energia, ktor\u00e1 sa d\u00e1 v energetickej komunite \u010do najlep\u0161ie vyu\u017ei\u0165.[\/vc_column_text][\/vc_column][\/vc_row][vc_row][vc_column][vc_single_image image=&#8220;2980&#8243; img_size=&#8220;large&#8220; title=&#8220;V\u00fdsledky simul\u00e1cie&#8220;][\/vc_column][\/vc_row]<\/p>\n<\/section>","protected":false},"excerpt":{"rendered":"<p>[vc_row][vc_column][vc_column_text]Jednou z prior\u00edt KEM-Carnuntum je iniciova\u0165 t\u00e9mu energetick\u00fdch komun\u00edt v regi\u00f3ne a podporova\u0165 z\u00e1ujemcov na&#8230;<\/p>\n","protected":false},"author":6,"featured_media":2985,"comment_status":"closed","ping_status":"closed","sticky":false,"template":"","format":"standard","meta":{"_acf_changed":false,"inline_featured_image":false,"footnotes":""},"categories":[34],"tags":[],"class_list":["post-3213","post","type-post","status-publish","format-standard","has-post-thumbnail","hentry","category-kem-carnuntum-sk"],"acf":[],"_links":{"self":[{"href":"https:\/\/www.energiepark.at\/sk\/wp-json\/wp\/v2\/posts\/3213","targetHints":{"allow":["GET"]}}],"collection":[{"href":"https:\/\/www.energiepark.at\/sk\/wp-json\/wp\/v2\/posts"}],"about":[{"href":"https:\/\/www.energiepark.at\/sk\/wp-json\/wp\/v2\/types\/post"}],"author":[{"embeddable":true,"href":"https:\/\/www.energiepark.at\/sk\/wp-json\/wp\/v2\/users\/6"}],"replies":[{"embeddable":true,"href":"https:\/\/www.energiepark.at\/sk\/wp-json\/wp\/v2\/comments?post=3213"}],"version-history":[{"count":2,"href":"https:\/\/www.energiepark.at\/sk\/wp-json\/wp\/v2\/posts\/3213\/revisions"}],"predecessor-version":[{"id":3215,"href":"https:\/\/www.energiepark.at\/sk\/wp-json\/wp\/v2\/posts\/3213\/revisions\/3215"}],"wp:featuredmedia":[{"embeddable":true,"href":"https:\/\/www.energiepark.at\/sk\/wp-json\/wp\/v2\/media\/2985"}],"wp:attachment":[{"href":"https:\/\/www.energiepark.at\/sk\/wp-json\/wp\/v2\/media?parent=3213"}],"wp:term":[{"taxonomy":"category","embeddable":true,"href":"https:\/\/www.energiepark.at\/sk\/wp-json\/wp\/v2\/categories?post=3213"},{"taxonomy":"post_tag","embeddable":true,"href":"https:\/\/www.energiepark.at\/sk\/wp-json\/wp\/v2\/tags?post=3213"}],"curies":[{"name":"wp","href":"https:\/\/api.w.org\/{rel}","templated":true}]}}