{"id":3268,"date":"2023-12-18T08:12:00","date_gmt":"2023-12-18T08:12:00","guid":{"rendered":"https:\/\/www.energiepark.at\/recenzia-podujatia-kem-out-of-oil-gas\/"},"modified":"2023-12-18T08:12:00","modified_gmt":"2023-12-18T08:12:00","slug":"recenzia-podujatia-kem-out-of-oil-gas","status":"publish","type":"post","link":"https:\/\/www.energiepark.at\/sk\/recenzia-podujatia-kem-out-of-oil-gas\/","title":{"rendered":"Recenzia podujatia KEM &#8222;Out of oil &amp; gas&#8220;"},"content":{"rendered":"<p>Petronell-Carnuntum 30\/04\/2022<\/p>\n<p>V r\u00e1mci otvorenia nov\u00e9ho rekrea\u010dn\u00e9ho are\u00e1lu v Petronell-Carnuntum sa v jasnom slne\u010dnom po\u010das\u00ed diskutovalo aj na t\u00e9mu &#8222;Vyst\u00fapenie z ropn\u00e9ho a plyn\u00e1rensk\u00e9ho priemyslu&#8220;.<\/p>\n<p>V informa\u010dnom st\u00e1nku, ktor\u00fd zorganizovala spolo\u010dnos\u0165 KEM-Carnuntum, mali po\u010detn\u00ed hostia mo\u017enos\u0165 z\u00edska\u0165 individu\u00e1lne poradenstvo o vykurovan\u00ed a rekon\u0161trukcii od Andreasa Reitera (Energetick\u00e9 poradenstvo Doln\u00e9 Rak\u00fasko), miestneho in\u0161talat\u00e9ra Petra Cinadra a mana\u017e\u00e9ra spolo\u010dnosti KEM Philipa Loitscha.<\/p>\n<p>Hostia mohli z\u00edska\u0165 komplexn\u00e9 inform\u00e1cie od \u00favodnej konzult\u00e1cie a\u017e po hotov\u00fa in\u0161tal\u00e1ciu a dokonca si priamo na mieste pozrie\u0165 inovat\u00edvne tepeln\u00e9 \u010derpadl\u00e1 a akumula\u010dn\u00e9 n\u00e1dr\u017ee.<\/p>\n<p>Okrem toho mana\u017e\u00e9r KEM Philip Loitsch predstavil z\u00e1ujemcom aktu\u00e1lne t\u00e9my z oblasti fotovoltiky, dot\u00e1ci\u00ed a samozrejme aktu\u00e1lne opatrenia spolo\u010dnosti KEM-Carnuntum.<\/p>\n<p>Pre v\u0161etk\u00fdch nad\u0161encov cyklistiky pon\u00fakol bezplatn\u00fd servis bicyklov aj miestny mechanik Roman Spatzierer zo spolo\u010dnosti radit\u00e4ten e.U. s podporou spolo\u010dnosti N\u00d6 Regional GmbH a spolo\u010dnos\u0165 Powerpedals poskytla mo\u017enos\u0165 bezplatn\u00e9ho testovania n\u00e1kladn\u00fdch bicyklov.<\/p>\n<p>Podujatie sa uskuto\u010dnilo v r\u00e1mci otvorenia z\u00e1\u017eitkovej z\u00f3ny Petronell-Carnuntum v spolupr\u00e1ci s trhov\u00fdm mestom Petronell-Carnuntum, spolo\u010dnos\u0165ou N\u00d6regional GmbH, Dolnorak\u00faskou energetickou poradenskou spolo\u010dnos\u0165ou a modelov\u00fdm regi\u00f3nom Carnuntum v oblasti kl\u00edmy a energie.<\/p>\n<p>&nbsp;<\/p>\n<p>&nbsp;<\/p>\n<p><img decoding=\"async\" class=\"alignleft wp-image-2857\" src=\"https:\/\/www.energiepark.at\/wp-content\/uploads\/2023\/12\/Image-Bild-1-Beitrag-HP-683x1024-1.jpg\" alt=\"\" width=\"300\" height=\"450\" srcset=\"https:\/\/www.energiepark.at\/wp-content\/uploads\/2023\/12\/Image-Bild-1-Beitrag-HP-683x1024-1.jpg 683w, https:\/\/www.energiepark.at\/wp-content\/uploads\/2023\/12\/Image-Bild-1-Beitrag-HP-683x1024-1-200x300.jpg 200w\" sizes=\"(max-width: 300px) 100vw, 300px\" \/><img decoding=\"async\" class=\"alignleft wp-image-2854\" src=\"https:\/\/www.energiepark.at\/wp-content\/uploads\/2023\/12\/20220430_FT_Petronell_RRT_noeregional-1024x768-1.jpg\" alt=\"\" width=\"400\" height=\"300\" srcset=\"https:\/\/www.energiepark.at\/wp-content\/uploads\/2023\/12\/20220430_FT_Petronell_RRT_noeregional-1024x768-1.jpg 1024w, https:\/\/www.energiepark.at\/wp-content\/uploads\/2023\/12\/20220430_FT_Petronell_RRT_noeregional-1024x768-1-300x225.jpg 300w\" sizes=\"(max-width: 400px) 100vw, 400px\" \/><\/p>\n","protected":false},"excerpt":{"rendered":"<p>Petronell-Carnuntum 30\/04\/2022 V r\u00e1mci otvorenia nov\u00e9ho rekrea\u010dn\u00e9ho are\u00e1lu v Petronell-Carnuntum sa v jasnom slne\u010dnom po\u010das\u00ed&#8230;<\/p>\n","protected":false},"author":6,"featured_media":2859,"comment_status":"closed","ping_status":"closed","sticky":false,"template":"","format":"standard","meta":{"_acf_changed":false,"inline_featured_image":false,"footnotes":""},"categories":[34],"tags":[],"class_list":["post-3268","post","type-post","status-publish","format-standard","has-post-thumbnail","hentry","category-kem-carnuntum-sk"],"acf":[],"_links":{"self":[{"href":"https:\/\/www.energiepark.at\/sk\/wp-json\/wp\/v2\/posts\/3268","targetHints":{"allow":["GET"]}}],"collection":[{"href":"https:\/\/www.energiepark.at\/sk\/wp-json\/wp\/v2\/posts"}],"about":[{"href":"https:\/\/www.energiepark.at\/sk\/wp-json\/wp\/v2\/types\/post"}],"author":[{"embeddable":true,"href":"https:\/\/www.energiepark.at\/sk\/wp-json\/wp\/v2\/users\/6"}],"replies":[{"embeddable":true,"href":"https:\/\/www.energiepark.at\/sk\/wp-json\/wp\/v2\/comments?post=3268"}],"version-history":[{"count":0,"href":"https:\/\/www.energiepark.at\/sk\/wp-json\/wp\/v2\/posts\/3268\/revisions"}],"wp:featuredmedia":[{"embeddable":true,"href":"https:\/\/www.energiepark.at\/sk\/wp-json\/wp\/v2\/media\/2859"}],"wp:attachment":[{"href":"https:\/\/www.energiepark.at\/sk\/wp-json\/wp\/v2\/media?parent=3268"}],"wp:term":[{"taxonomy":"category","embeddable":true,"href":"https:\/\/www.energiepark.at\/sk\/wp-json\/wp\/v2\/categories?post=3268"},{"taxonomy":"post_tag","embeddable":true,"href":"https:\/\/www.energiepark.at\/sk\/wp-json\/wp\/v2\/tags?post=3268"}],"curies":[{"name":"wp","href":"https:\/\/api.w.org\/{rel}","templated":true}]}}