{"id":7314,"date":"2025-05-15T15:23:05","date_gmt":"2025-05-15T13:23:05","guid":{"rendered":"https:\/\/www.energiepark.at\/klimaticke-dni-na-zakladnych-skolach-v-regione-klar\/"},"modified":"2025-05-15T15:23:16","modified_gmt":"2025-05-15T13:23:16","slug":"klimaticke-dni-na-zakladnych-skolach-v-regione-klar","status":"publish","type":"post","link":"https:\/\/www.energiepark.at\/sk\/klimaticke-dni-na-zakladnych-skolach-v-regione-klar\/","title":{"rendered":"Klimatick\u00e9 dni na z\u00e1kladn\u00fdch \u0161kol\u00e1ch v regi\u00f3ne KLAR!"},"content":{"rendered":"<section class=\"wpb-content-wrapper\"><p>[vc_row][vc_column][vc_column_text]<\/p>\n<p class=\"\" data-start=\"177\" data-end=\"269\"><strong data-start=\"177\" data-end=\"269\">Klimatick\u00e9 dni na z\u00e1kladn\u00fdch \u0161kol\u00e1ch v regi\u00f3ne KLAR!<\/strong><\/p>\n<p class=\"\" data-start=\"177\" data-end=\"269\">Tohtoro\u010dn\u00e1 jar na z\u00e1kladn\u00fdch \u0161kol\u00e1ch v regi\u00f3ne KLAR! sa niesla v znamen\u00ed ochrany kl\u00edmy a adapt\u00e1cie na zmenu kl\u00edmy. Na z\u00e1kladn\u00fdch \u0161kol\u00e1ch v Au, Trautmannsdorfe, G\u00f6tzendorfe a Mannersdorfe bol cel\u00fd de\u0148 venovan\u00fd kl\u00edme s cie\u013eom zv\u00fd\u0161i\u0165 povedomie o na\u0161om \u017eivotnom prostred\u00ed u\u017e v ranom veku a podpori\u0165 tvoriv\u00e9 rie\u0161enia nadch\u00e1dzaj\u00facich v\u00fdziev.<\/p>\n<p class=\"\" data-start=\"624\" data-end=\"978\">Deti spolu s pedag\u00f3gmi sk\u00famali t\u00e9my ako prehrievanie, kolobeh vody, uhl\u00edkov\u00e1 stopa a ekologick\u00fd rozvoj miest. Deti si pritom uvedomili, ak\u00fd ve\u013ek\u00fd potenci\u00e1l sa skr\u00fdva v bud\u00facej gener\u00e1cii. <\/p>\n<p data-start=\"624\" data-end=\"978\">V m\u00e1ji sa uskuto\u010dn\u00ed aj klimatick\u00fd de\u0148 na z\u00e1kladnej \u0161kole v Hofu.<\/p>\n<p>[\/vc_column_text][vc_empty_space][\/vc_column][\/vc_row][vc_row][vc_column][vc_gallery interval=&#8220;3&#8243; images=&#8220;7283,7286,7289,7292,7295,7298,7301,7304,7307&#8243; img_size=&#8220;full&#8220;][\/vc_column][\/vc_row]<\/p>\n<\/section>","protected":false},"excerpt":{"rendered":"<p>[vc_row][vc_column][vc_column_text] Klimatick\u00e9 dni na z\u00e1kladn\u00fdch \u0161kol\u00e1ch v regi\u00f3ne KLAR! Tohtoro\u010dn\u00e1 jar na z\u00e1kladn\u00fdch \u0161kol\u00e1ch v&#8230;<\/p>\n","protected":false},"author":6,"featured_media":7306,"comment_status":"closed","ping_status":"closed","sticky":false,"template":"","format":"standard","meta":{"_acf_changed":false,"inline_featured_image":false,"footnotes":""},"categories":[53],"tags":[],"class_list":["post-7314","post","type-post","status-publish","format-standard","has-post-thumbnail","hentry","category-clear-na-lodi-leithaberge"],"acf":[],"_links":{"self":[{"href":"https:\/\/www.energiepark.at\/sk\/wp-json\/wp\/v2\/posts\/7314","targetHints":{"allow":["GET"]}}],"collection":[{"href":"https:\/\/www.energiepark.at\/sk\/wp-json\/wp\/v2\/posts"}],"about":[{"href":"https:\/\/www.energiepark.at\/sk\/wp-json\/wp\/v2\/types\/post"}],"author":[{"embeddable":true,"href":"https:\/\/www.energiepark.at\/sk\/wp-json\/wp\/v2\/users\/6"}],"replies":[{"embeddable":true,"href":"https:\/\/www.energiepark.at\/sk\/wp-json\/wp\/v2\/comments?post=7314"}],"version-history":[{"count":2,"href":"https:\/\/www.energiepark.at\/sk\/wp-json\/wp\/v2\/posts\/7314\/revisions"}],"predecessor-version":[{"id":7316,"href":"https:\/\/www.energiepark.at\/sk\/wp-json\/wp\/v2\/posts\/7314\/revisions\/7316"}],"wp:featuredmedia":[{"embeddable":true,"href":"https:\/\/www.energiepark.at\/sk\/wp-json\/wp\/v2\/media\/7306"}],"wp:attachment":[{"href":"https:\/\/www.energiepark.at\/sk\/wp-json\/wp\/v2\/media?parent=7314"}],"wp:term":[{"taxonomy":"category","embeddable":true,"href":"https:\/\/www.energiepark.at\/sk\/wp-json\/wp\/v2\/categories?post=7314"},{"taxonomy":"post_tag","embeddable":true,"href":"https:\/\/www.energiepark.at\/sk\/wp-json\/wp\/v2\/tags?post=7314"}],"curies":[{"name":"wp","href":"https:\/\/api.w.org\/{rel}","templated":true}]}}