{"id":9262,"date":"2026-02-16T12:11:31","date_gmt":"2026-02-16T11:11:31","guid":{"rendered":"https:\/\/www.energiepark.at\/punc-a-klimaticka-vila-v-materskej-skole-hundsheim\/"},"modified":"2026-02-16T12:11:39","modified_gmt":"2026-02-16T11:11:39","slug":"punc-a-klimaticka-vila-v-materskej-skole-hundsheim","status":"publish","type":"post","link":"https:\/\/www.energiepark.at\/sk\/punc-a-klimaticka-vila-v-materskej-skole-hundsheim\/","title":{"rendered":"Pun\u010d a klimatick\u00e1 v\u00edla v materskej \u0161kole Hundsheim"},"content":{"rendered":"<section class=\"wpb-content-wrapper\"><p>[vc_row][vc_column][vc_column_text]<\/p>\n<p class=\"isSelectedEnd\">V piatok 13. febru\u00e1ra nav\u0161t\u00edvili deti v materskej \u0161kole Hundsheim Punch and Judy, ktor\u00ed im vy\u010darili \u00fasmev na tv\u00e1ri a vytvorili b\u00farliv\u00fa atmosf\u00e9ru. S podporou KEM Carnuntum sa pri pr\u00edle\u017eitosti karnevalov\u00e9ho festivalu uskuto\u010dnilo b\u00e1bkov\u00e9 divadlo &#8222;Babi\u010dkina \u010darovn\u00e1 z\u00e1hrada&#8220;, ktor\u00e9 zahrala Klimatick\u00e1 aliancia. <\/p>\n<p class=\"isSelectedEnd\">S l\u00e1skou pripraven\u00e9 predstavenie bolo zameran\u00e9 na d\u00f4le\u017eit\u00e9 t\u00e9my t\u00fdkaj\u00face sa \u017eivotn\u00e9ho prostredia a zdravia. Spolu so svojou priate\u013ekou, klimatickou v\u00edlou Lilou, Punch a Judy hravou formou u\u010dili deti, ak\u00e1 cenn\u00e1 je biodiverzita v z\u00e1hrade a pre\u010do zdrav\u00e1 v\u00fd\u017eiva zohr\u00e1va d\u00f4le\u017eit\u00fa \u00falohu pre \u013eud\u00ed a pr\u00edrodu. <\/p>\n<p class=\"isSelectedEnd\">V\u010faka mno\u017estvu humoru, nap\u00ednav\u00fdch momentov a interakt\u00edvnych prvkov sa deti akt\u00edvne zap\u00e1jali do pr\u00edbehu. Nad\u0161ene pom\u00e1hali Punchovi a Judy pri ich dobrodru\u017estv\u00e1ch, odpovedali na ot\u00e1zky a podie\u013eali sa na vzru\u0161uj\u00facom pr\u00edbehu. Divadlo malo \u00fapln\u00fd \u00faspech! A e\u0161te: \u010fal\u0161\u00ed vrchol pre deti na seba nenech\u00e1 dlho \u010daka\u0165. V apr\u00edli si bud\u00fa m\u00f4c\u0165 op\u00e4\u0165 vysk\u00fa\u0161a\u0165 svoje \u0161portov\u00e9 zru\u010dnosti na cyklistickom workshope.    <\/p>\n<p>[\/vc_column_text][\/vc_column][\/vc_row][vc_row][vc_column][vc_empty_space][\/vc_column][\/vc_row][vc_row][vc_column][vc_media_grid grid_id=&#8220;vc_gid:1771239850138-e6c82fd8-c4dd-8&#8243; include=&#8220;9242,9245,9254&#8243;][\/vc_column][\/vc_row]<\/p>\n<\/section>","protected":false},"excerpt":{"rendered":"<p>[vc_row][vc_column][vc_column_text] V piatok 13. febru\u00e1ra nav\u0161t\u00edvili deti v materskej \u0161kole Hundsheim Punch and Judy, ktor\u00ed&#8230;<\/p>\n","protected":false},"author":6,"featured_media":9256,"comment_status":"closed","ping_status":"closed","sticky":false,"template":"","format":"standard","meta":{"_acf_changed":false,"inline_featured_image":false,"footnotes":""},"categories":[34],"tags":[],"class_list":["post-9262","post","type-post","status-publish","format-standard","has-post-thumbnail","hentry","category-kem-carnuntum-sk"],"acf":[],"_links":{"self":[{"href":"https:\/\/www.energiepark.at\/sk\/wp-json\/wp\/v2\/posts\/9262","targetHints":{"allow":["GET"]}}],"collection":[{"href":"https:\/\/www.energiepark.at\/sk\/wp-json\/wp\/v2\/posts"}],"about":[{"href":"https:\/\/www.energiepark.at\/sk\/wp-json\/wp\/v2\/types\/post"}],"author":[{"embeddable":true,"href":"https:\/\/www.energiepark.at\/sk\/wp-json\/wp\/v2\/users\/6"}],"replies":[{"embeddable":true,"href":"https:\/\/www.energiepark.at\/sk\/wp-json\/wp\/v2\/comments?post=9262"}],"version-history":[{"count":2,"href":"https:\/\/www.energiepark.at\/sk\/wp-json\/wp\/v2\/posts\/9262\/revisions"}],"predecessor-version":[{"id":9266,"href":"https:\/\/www.energiepark.at\/sk\/wp-json\/wp\/v2\/posts\/9262\/revisions\/9266"}],"wp:featuredmedia":[{"embeddable":true,"href":"https:\/\/www.energiepark.at\/sk\/wp-json\/wp\/v2\/media\/9256"}],"wp:attachment":[{"href":"https:\/\/www.energiepark.at\/sk\/wp-json\/wp\/v2\/media?parent=9262"}],"wp:term":[{"taxonomy":"category","embeddable":true,"href":"https:\/\/www.energiepark.at\/sk\/wp-json\/wp\/v2\/categories?post=9262"},{"taxonomy":"post_tag","embeddable":true,"href":"https:\/\/www.energiepark.at\/sk\/wp-json\/wp\/v2\/tags?post=9262"}],"curies":[{"name":"wp","href":"https:\/\/api.w.org\/{rel}","templated":true}]}}